{"id":830,"date":"2016-08-16T00:02:05","date_gmt":"2016-08-16T00:02:05","guid":{"rendered":"http:\/\/hal.arq.br\/intro\/?p=830"},"modified":"2016-08-16T19:43:40","modified_gmt":"2016-08-16T19:43:40","slug":"noticias","status":"publish","type":"post","link":"https:\/\/hal.arq.br\/intro\/2016\/08\/16\/noticias\/","title":{"rendered":"Publica\u00e7\u00e3o Galeria da Arquitetura"},"content":{"rendered":"<div id=\"dslc-content\" class=\"dslc-content dslc-clearfix\"><div id=\"dslc-main\">\r\n\t\t\t<div  class=\"dslc-modules-section \" style=\"\" data-section-id=\"\">\r\n\t\t\t\t\r\n\t\t\t\t\r\n\t\t\t\t<div class=\"dslc-modules-section-wrapper dslc-clearfix\"> <div  class=\"dslc-modules-area dslc-col dslc-12-col dslc-last-col\" data-size=\"12\" data-valign=\"\" data-modules-area-id=\"\" ><style type=\"text\/css\" id=\"dslca-modules-area-\"><\/style>\r\n\t\t<div id=\"dslc-module-270\" class=\"dslc-module-front dslc-module-DSLC_TP_Title dslc-in-viewport-check dslc-in-viewport-anim-none  dslc-col dslc-12-col  dslc-module-handle-like-regular \" data-module-id=\"270\" data-module=\"DSLC_TP_Title\" data-dslc-module-size=\"12\" data-dslc-anim=\"none\" data-dslc-anim-delay=\"0\" data-dslc-anim-duration=\"650\"  data-dslc-anim-easing=\"ease\" data-dslc-preset=\"none\" >\r\n\r\n\t\t\t\r\n\t\t\t\r\n\t\t\r\n\t<div class=\"dslc-tp-title\">\r\n\t\t\t\t\t<div class=\"dslc-tp-title\"><h1>Publica\u00e7\u00e3o Galeria da Arquitetura<\/h1><\/div>\r\n\t\t\t<\/div>\r\n\r\n\t\r\n\t\t\t\t<\/div><!-- .dslc-module -->\r\n\t\t<\/div> <\/div><\/div> \r\n\t\t\t<div  class=\"dslc-modules-section \" style=\"\" data-section-id=\"\">\r\n\t\t\t\t\r\n\t\t\t\t\r\n\t\t\t\t<div class=\"dslc-modules-section-wrapper dslc-clearfix\"> <div  class=\"dslc-modules-area dslc-col dslc-12-col dslc-last-col\" data-size=\"12\" data-valign=\"\" data-modules-area-id=\"\" ><style type=\"text\/css\" id=\"dslca-modules-area-\"><\/style>\r\n\t\t<div id=\"dslc-module-269\" class=\"dslc-module-front dslc-module-DSLC_TP_Content dslc-in-viewport-check dslc-in-viewport-anim-none  dslc-col dslc-12-col  dslc-module-handle-like-regular \" data-module-id=\"269\" data-module=\"DSLC_TP_Content\" data-dslc-module-size=\"12\" data-dslc-anim=\"none\" data-dslc-anim-delay=\"0\" data-dslc-anim-duration=\"650\"  data-dslc-anim-easing=\"ease\" data-dslc-preset=\"none\" >\r\n\r\n\t\t\t\r\n\t\t\t\r\n\t\t\t\t<div class=\"dslc-tp-content\">\r\n\t\t\t<p><a href=\"http:\/\/www.galeriadaarquitetura.com.br\/projeto\/herklotz-almeida-arquitetos-associados_\/escritorio-nos-jardins\/3241\">Escrit\u00f3rio no Jardins<\/a><\/p>\n<p><a href=\"https:\/\/hal.arq.br\/intro\/project-view\/escritorio-jardins\/\"><img decoding=\"async\" class=\"alignnone size-medium wp-image-275\" src=\"https:\/\/hal.arq.br\/intro\/wp-content\/uploads\/2016\/07\/HAY_img_4378-300x197.jpg\" alt=\"HAY_img_4378\" width=\"300\" height=\"197\" srcset=\"https:\/\/hal.arq.br\/intro\/wp-content\/uploads\/2016\/07\/HAY_img_4378-300x197.jpg 300w, https:\/\/hal.arq.br\/intro\/wp-content\/uploads\/2016\/07\/HAY_img_4378-768x505.jpg 768w, https:\/\/hal.arq.br\/intro\/wp-content\/uploads\/2016\/07\/HAY_img_4378-1024x673.jpg 1024w, https:\/\/hal.arq.br\/intro\/wp-content\/uploads\/2016\/07\/HAY_img_4378.jpg 1316w\" sizes=\"(max-width: 300px) 100vw, 300px\" \/><\/a><\/p>\n\t\t<\/div>\r\n\t\t\r\n\t\t\t\t<\/div><!-- .dslc-module -->\r\n\t\t<\/div> <\/div><\/div> <\/div><input type=\"hidden\" id=\"dslca-post-data-thumb\" value=\"https:\/\/hal.arq.br\/intro\/wp-content\/uploads\/2016\/07\/HAY_img_4285.jpg\" \/><\/div>","protected":false},"excerpt":{"rendered":"<p>Publica\u00e7\u00e3o Galeria da Arquitetura Escrit\u00f3rio no Jardins<\/p>\n","protected":false},"author":2,"featured_media":266,"comment_status":"closed","ping_status":"closed","sticky":false,"template":"","format":"image","meta":{"footnotes":""},"categories":[1],"tags":[],"class_list":["post-830","post","type-post","status-publish","format-image","has-post-thumbnail","hentry","category-residencial","post_format-post-format-image"],"_links":{"self":[{"href":"https:\/\/hal.arq.br\/intro\/wp-json\/wp\/v2\/posts\/830","targetHints":{"allow":["GET"]}}],"collection":[{"href":"https:\/\/hal.arq.br\/intro\/wp-json\/wp\/v2\/posts"}],"about":[{"href":"https:\/\/hal.arq.br\/intro\/wp-json\/wp\/v2\/types\/post"}],"author":[{"embeddable":true,"href":"https:\/\/hal.arq.br\/intro\/wp-json\/wp\/v2\/users\/2"}],"replies":[{"embeddable":true,"href":"https:\/\/hal.arq.br\/intro\/wp-json\/wp\/v2\/comments?post=830"}],"version-history":[{"count":4,"href":"https:\/\/hal.arq.br\/intro\/wp-json\/wp\/v2\/posts\/830\/revisions"}],"predecessor-version":[{"id":845,"href":"https:\/\/hal.arq.br\/intro\/wp-json\/wp\/v2\/posts\/830\/revisions\/845"}],"wp:featuredmedia":[{"embeddable":true,"href":"https:\/\/hal.arq.br\/intro\/wp-json\/wp\/v2\/media\/266"}],"wp:attachment":[{"href":"https:\/\/hal.arq.br\/intro\/wp-json\/wp\/v2\/media?parent=830"}],"wp:term":[{"taxonomy":"category","embeddable":true,"href":"https:\/\/hal.arq.br\/intro\/wp-json\/wp\/v2\/categories?post=830"},{"taxonomy":"post_tag","embeddable":true,"href":"https:\/\/hal.arq.br\/intro\/wp-json\/wp\/v2\/tags?post=830"}],"curies":[{"name":"wp","href":"https:\/\/api.w.org\/{rel}","templated":true}]}}